{"id":871,"date":"2015-07-30T19:11:27","date_gmt":"2015-07-30T17:11:27","guid":{"rendered":"https:\/\/donaurun.de\/?p=871"},"modified":"2015-07-30T19:35:54","modified_gmt":"2015-07-30T17:35:54","slug":"tag-47-urlaub-in-sulina-0-km","status":"publish","type":"post","link":"https:\/\/donaurun.de\/?p=871","title":{"rendered":"Tag 47: Urlaub in Sulina (0 km)"},"content":{"rendered":"<p>Hallo miteinander, ich bin es nochmal.<\/p>\n<p>Das w\u00e4re mir alles zu abrupt gewesen und ich will euch gerne noch etwas von gestern und heute erz\u00e4hlen:<\/p>\n<p>Vorneweg ein Dankesch\u00f6n an meine lieben Kollegen\/innen der Kriminalpolizeidirektion Friedrichshafen, Kriminalinapekton 7 f\u00fcr die Unterst\u00fctzung Tag 46, 47 und 48.<\/p>\n<p>Die Tage 49 und 50 wurden von Claudi und Franky Wei\u00dfhaupt (B\u00fcrgermeister einer 10-Seelen-Gemeinde) gesponsert &#8211; merci. Ihr ward eine der Ersten und habt an die Beendigung des Laufs geglaubt.<\/p>\n<p>&nbsp;<\/p>\n<p>Das war gestern schon komisch. Ich steh nach fast 2.900 Km am Leuchtturm, mache 5 Bilder und dreh wieder um, so als wenn man eben irgendein Geb\u00e4ude schnell mal fotografiert und das nach 1 1\/2 Jahren Planung, Training und Lauf. Ich hab mir immer vorgestellt, da schl\u00e4gst du Saltos und feierst dort bis in die Nacht&#8230; Nein, ich habe nicht einmal angesto\u00dfen, war nicht in der Donau und nicht im Schwarzen Meer. Es war ja auch schon sp\u00e4t geworden und f\u00fcr heute mu\u00df ich auch noch was \u00fcbrig lassen.<\/p>\n<p>Ich bin jetzt einfach nur froh, das Ziel erreicht zu haben und ich danke Gott, dass mir eigentlich gar nichts zugesto\u00dfen ist.<\/p>\n<p>Mit Hilfe der Gl\u00fccksbringer meiner Familie konnte das auch nie schief gehen!<\/p>\n<p>Gesundheitlich f\u00fchle ich mich besser als vorher. Ein paar Blasen an den F\u00fc\u00dfen und die Probleme mit dem rechten Bein zu Anfang (wobei das das gr\u00f6\u00dfte Problem war), das war&#8217;s. Das Leiden und der Kampf tagt\u00e4glich mit Regen, Hitze&#8230; ist Geschichte.<\/p>\n<p>Jetzt mache ich erst einmal Urlaub.<\/p>\n<p>Nach der Ankunft habe ich gestern beim Verlassen des Schiffes eine Visitenkarte von einem der vielen Unterkunftsanbietern eingesteckt und Christian in der Stadt wieder getroffen. Warum nicht mitgehen? Er kann gut Englisch und gibt mir Auskunft \u00fcber meine weitere Planung. So managt er meine R\u00fcckreise mit dem Schiff nach Tulcea am Freitag und den morgigen Ausflug. Seine Schwester w\u00e4scht mir noch meine ganzen Sachen inclusive Turnschuhe, Rucksack und Bauchg\u00fcrtel. Dort bekomme ich auch Fisch zum Abendessen. Ein kleiner Nachteil sind die Schnaken hier. Ich h\u00f6re immer noch das fiese Surren der ekelhaften Mistfiecher in meinem hei\u00dfen Zimmer im Ohr. Da kann ich nicht viel schlafen &#8211; trotz M\u00fcckenschutz auf der Haut.<\/p>\n<p>Bei der Abendzigarette drau\u00dfen im &#8222;K\u00fchlen&#8220; fliegt doch glatt und sauber noch eine Sternschnuppe an mir vorbei. Ich komme mir vor, wie die Heiligen Drei K\u00f6nige und wusste: Ich bin da.<\/p>\n<p>Und heute stehe ich wieder um 05.59 Uhr auf, lass aber alles ganz gem\u00fctlich angehen. Ich bekomme ein gutes Fr\u00fchst\u00fcck und um 8 Uhr geht es mit dem Boot auf eine kleine Tour.<\/p>\n<p>Zuerst \u00fcberqueren wir die Donau. Genau gegen\u00fcber der Anlegestelle der gro\u00dfen Schiffe befindet sich das Schild &#8222;0&#8220;. Ich darf nicht aus dem Boot &#8211; Industriegebiet und Hundi gro\u00df.<\/p>\n<figure id=\"attachment_872\" aria-describedby=\"caption-attachment-872\" style=\"width: 300px\" class=\"wp-caption alignright\"><a href=\"https:\/\/donaurun.de\/wp-content\/uploads\/DSC_0277.jpg\"><img loading=\"lazy\" class=\"size-medium wp-image-872\" src=\"https:\/\/donaurun.de\/wp-content\/uploads\/DSC_0277-300x225.jpg\" alt=\"Da ist die &quot;0&quot;\" width=\"300\" height=\"225\" srcset=\"https:\/\/donaurun.de\/wp-content\/uploads\/DSC_0277-300x225.jpg 300w, https:\/\/donaurun.de\/wp-content\/uploads\/DSC_0277-1024x768.jpg 1024w\" sizes=\"(max-width: 300px) 100vw, 300px\" \/><\/a><figcaption id=\"caption-attachment-872\" class=\"wp-caption-text\">Da ist die &#8222;0&#8220;<\/figcaption><\/figure>\n<p>Ab jetzt geht die Z\u00e4hlung in 100-Meter-Schritten wieder aufsteigend bis ca. 8 km zum neuen Leuchtturm.<\/p>\n<p>Wir passieren den zweiten alten Leuchtturm &#8222;Nord&#8220;, der sich ca. 1 Km nach dem Leuchtturm in der Stadt &#8211; meinem Ziel befindet.<\/p>\n<p>Wow, der Wellengang wird h\u00f6her, die Donau flie\u00dft nach dem neuen Leuchtturm ins Schwarze Meer. S\u00fc\u00dfwasser trifft auf Salzwasser.<\/p>\n<figure id=\"attachment_873\" aria-describedby=\"caption-attachment-873\" style=\"width: 300px\" class=\"wp-caption alignright\"><a href=\"https:\/\/donaurun.de\/wp-content\/uploads\/DSC_02801.jpg\"><img loading=\"lazy\" class=\"size-medium wp-image-873\" src=\"https:\/\/donaurun.de\/wp-content\/uploads\/DSC_02801-300x225.jpg\" alt=\"Sulina\" width=\"300\" height=\"225\" srcset=\"https:\/\/donaurun.de\/wp-content\/uploads\/DSC_02801-300x225.jpg 300w, https:\/\/donaurun.de\/wp-content\/uploads\/DSC_02801-1024x768.jpg 1024w\" sizes=\"(max-width: 300px) 100vw, 300px\" \/><\/a><figcaption id=\"caption-attachment-873\" class=\"wp-caption-text\">Sulina<\/figcaption><\/figure>\n<figure id=\"attachment_874\" aria-describedby=\"caption-attachment-874\" style=\"width: 300px\" class=\"wp-caption alignright\"><a href=\"https:\/\/donaurun.de\/wp-content\/uploads\/DSC_0293.jpg\"><img loading=\"lazy\" class=\"size-medium wp-image-874\" src=\"https:\/\/donaurun.de\/wp-content\/uploads\/DSC_0293-300x225.jpg\" alt=\"Neuer Leuchtturm \" width=\"300\" height=\"225\" srcset=\"https:\/\/donaurun.de\/wp-content\/uploads\/DSC_0293-300x225.jpg 300w, https:\/\/donaurun.de\/wp-content\/uploads\/DSC_0293-1024x768.jpg 1024w\" sizes=\"(max-width: 300px) 100vw, 300px\" \/><\/a><figcaption id=\"caption-attachment-874\" class=\"wp-caption-text\">Neuer Leuchtturm<\/figcaption><\/figure>\n<figure id=\"attachment_875\" aria-describedby=\"caption-attachment-875\" style=\"width: 300px\" class=\"wp-caption alignright\"><a href=\"https:\/\/donaurun.de\/wp-content\/uploads\/DSC_02961.jpg\"><img loading=\"lazy\" class=\"size-medium wp-image-875\" src=\"https:\/\/donaurun.de\/wp-content\/uploads\/DSC_02961-300x225.jpg\" alt=\"\u00dcbergang zum Schwarzen Meer \" width=\"300\" height=\"225\" srcset=\"https:\/\/donaurun.de\/wp-content\/uploads\/DSC_02961-300x225.jpg 300w, https:\/\/donaurun.de\/wp-content\/uploads\/DSC_02961-1024x768.jpg 1024w\" sizes=\"(max-width: 300px) 100vw, 300px\" \/><\/a><figcaption id=\"caption-attachment-875\" class=\"wp-caption-text\">\u00dcbergang zum Schwarzen Meer<\/figcaption><\/figure>\n<p>Der Bootsf\u00fchrer und ich (wir sind alleine &#8211; deshalb auch teurer) fahren im seichten Gebiet im Schwarzen Meer wieder zur\u00fcck. \u00dcberall \u00a0auf Grund gelaufene Schiffe. Die l\u00e4sst man hier verrosten.<\/p>\n<figure id=\"attachment_876\" aria-describedby=\"caption-attachment-876\" style=\"width: 300px\" class=\"wp-caption alignright\"><a href=\"https:\/\/donaurun.de\/wp-content\/uploads\/DSC_0306.jpg\"><img loading=\"lazy\" class=\"size-medium wp-image-876\" src=\"https:\/\/donaurun.de\/wp-content\/uploads\/DSC_0306-300x225.jpg\" alt=\"Viele auf Grund gelaufene Schiffe \" width=\"300\" height=\"225\" srcset=\"https:\/\/donaurun.de\/wp-content\/uploads\/DSC_0306-300x225.jpg 300w, https:\/\/donaurun.de\/wp-content\/uploads\/DSC_0306-1024x768.jpg 1024w\" sizes=\"(max-width: 300px) 100vw, 300px\" \/><\/a><figcaption id=\"caption-attachment-876\" class=\"wp-caption-text\">Viele auf Grund gelaufene Schiffe<\/figcaption><\/figure>\n<p>In der Ferne sehe ich die riesigen Pelikanschw\u00e4rme, das ist aber ukrainisches Gebiet und dort d\u00fcrfen wir nicht hin.<a href=\"https:\/\/donaurun.de\/wp-content\/uploads\/DSC_0325.jpg\"><img loading=\"lazy\" class=\"alignright size-medium wp-image-877\" src=\"https:\/\/donaurun.de\/wp-content\/uploads\/DSC_0325-300x225.jpg\" alt=\"DSC_0325\" width=\"300\" height=\"225\" srcset=\"https:\/\/donaurun.de\/wp-content\/uploads\/DSC_0325-300x225.jpg 300w, https:\/\/donaurun.de\/wp-content\/uploads\/DSC_0325-1024x768.jpg 1024w\" sizes=\"(max-width: 300px) 100vw, 300px\" \/><\/a><\/p>\n<p>\u00dcber einen Seitenarm fahren wir direkt zum Leuchtturm Nord und legen an. Der ist nur noch eine bauf\u00e4llige Ruine &#8211; aber sch\u00f6n. Zwischen den Etagen fehlen die Leitern. Da ich alleine bin, und kein &#8222;Ofizieller&#8220; da ist, klettere ich im Innern mit einem etwas mulmigen Gef\u00fchl bis nach oben &#8211; sch\u00f6ne Aussicht! Nach zwei Stunden ist die Fahrt zuende.<\/p>\n<figure id=\"attachment_878\" aria-describedby=\"caption-attachment-878\" style=\"width: 225px\" class=\"wp-caption aligncenter\"><a href=\"https:\/\/donaurun.de\/wp-content\/uploads\/DSC_03311-e1438254465577.jpg\"><img loading=\"lazy\" class=\"size-medium wp-image-878\" src=\"https:\/\/donaurun.de\/wp-content\/uploads\/DSC_03311-e1438254465577-225x300.jpg\" alt=\"Leuchtturm &quot;Nord&quot;\" width=\"225\" height=\"300\" srcset=\"https:\/\/donaurun.de\/wp-content\/uploads\/DSC_03311-e1438254465577-225x300.jpg 225w, https:\/\/donaurun.de\/wp-content\/uploads\/DSC_03311-e1438254465577-768x1024.jpg 768w\" sizes=\"(max-width: 225px) 100vw, 225px\" \/><\/a><figcaption id=\"caption-attachment-878\" class=\"wp-caption-text\">Leuchtturm &#8222;Nord&#8220;<\/figcaption><\/figure>\n<figure id=\"attachment_879\" aria-describedby=\"caption-attachment-879\" style=\"width: 300px\" class=\"wp-caption alignright\"><a href=\"https:\/\/donaurun.de\/wp-content\/uploads\/DSC_0338.jpg\"><img loading=\"lazy\" class=\"size-medium wp-image-879\" src=\"https:\/\/donaurun.de\/wp-content\/uploads\/DSC_0338-300x225.jpg\" alt=\"Die Leitern fehlen\" width=\"300\" height=\"225\" srcset=\"https:\/\/donaurun.de\/wp-content\/uploads\/DSC_0338-300x225.jpg 300w, https:\/\/donaurun.de\/wp-content\/uploads\/DSC_0338-1024x768.jpg 1024w\" sizes=\"(max-width: 300px) 100vw, 300px\" \/><\/a><figcaption id=\"caption-attachment-879\" class=\"wp-caption-text\">Die Leitern fehlen<\/figcaption><\/figure>\n<figure id=\"attachment_880\" aria-describedby=\"caption-attachment-880\" style=\"width: 300px\" class=\"wp-caption alignright\"><a href=\"https:\/\/donaurun.de\/wp-content\/uploads\/DSC_0342.jpg\"><img loading=\"lazy\" class=\"size-medium wp-image-880\" src=\"https:\/\/donaurun.de\/wp-content\/uploads\/DSC_0342-300x225.jpg\" alt=\"...geht doch\" width=\"300\" height=\"225\" srcset=\"https:\/\/donaurun.de\/wp-content\/uploads\/DSC_0342-300x225.jpg 300w, https:\/\/donaurun.de\/wp-content\/uploads\/DSC_0342-1024x768.jpg 1024w\" sizes=\"(max-width: 300px) 100vw, 300px\" \/><\/a><figcaption id=\"caption-attachment-880\" class=\"wp-caption-text\">&#8230;geht doch<\/figcaption><\/figure>\n<figure id=\"attachment_881\" aria-describedby=\"caption-attachment-881\" style=\"width: 225px\" class=\"wp-caption aligncenter\"><a href=\"https:\/\/donaurun.de\/wp-content\/uploads\/DSC_0362-e1438254778112.jpg\"><img loading=\"lazy\" class=\"size-medium wp-image-881\" src=\"https:\/\/donaurun.de\/wp-content\/uploads\/DSC_0362-e1438254778112-225x300.jpg\" alt=\"...Boden fehlt\" width=\"225\" height=\"300\" srcset=\"https:\/\/donaurun.de\/wp-content\/uploads\/DSC_0362-e1438254778112-225x300.jpg 225w, https:\/\/donaurun.de\/wp-content\/uploads\/DSC_0362-e1438254778112-768x1024.jpg 768w\" sizes=\"(max-width: 225px) 100vw, 225px\" \/><\/a><figcaption id=\"caption-attachment-881\" class=\"wp-caption-text\">&#8230;Boden fehlt<\/figcaption><\/figure>\n<p>Jetzt gehe ich wieder zu &#8222;meinem&#8220; Leuchtturm in Sulina und besuche das dortige Museum und kaufe f\u00fcr mich ein sch\u00f6nes Andenken an Sulina.<\/p>\n<figure id=\"attachment_882\" aria-describedby=\"caption-attachment-882\" style=\"width: 300px\" class=\"wp-caption alignright\"><a href=\"https:\/\/donaurun.de\/wp-content\/uploads\/DSC_0373.jpg\"><img loading=\"lazy\" class=\"size-medium wp-image-882\" src=\"https:\/\/donaurun.de\/wp-content\/uploads\/DSC_0373-300x169.jpg\" alt=\"Auf &quot;meinem&quot; Leuchtturm \" width=\"300\" height=\"169\" srcset=\"https:\/\/donaurun.de\/wp-content\/uploads\/DSC_0373-300x169.jpg 300w, https:\/\/donaurun.de\/wp-content\/uploads\/DSC_0373-1024x576.jpg 1024w, https:\/\/donaurun.de\/wp-content\/uploads\/DSC_0373.jpg 1920w\" sizes=\"(max-width: 300px) 100vw, 300px\" \/><\/a><figcaption id=\"caption-attachment-882\" class=\"wp-caption-text\">Auf &#8222;meinem&#8220; Leuchtturm<\/figcaption><\/figure>\n<figure id=\"attachment_884\" aria-describedby=\"caption-attachment-884\" style=\"width: 300px\" class=\"wp-caption alignright\"><a href=\"https:\/\/donaurun.de\/wp-content\/uploads\/DSC_0381.jpg\"><img loading=\"lazy\" class=\"size-medium wp-image-884\" src=\"https:\/\/donaurun.de\/wp-content\/uploads\/DSC_0381-300x225.jpg\" alt=\"Es war einmal \" width=\"300\" height=\"225\" srcset=\"https:\/\/donaurun.de\/wp-content\/uploads\/DSC_0381-300x225.jpg 300w, https:\/\/donaurun.de\/wp-content\/uploads\/DSC_0381-1024x768.jpg 1024w\" sizes=\"(max-width: 300px) 100vw, 300px\" \/><\/a><figcaption id=\"caption-attachment-884\" class=\"wp-caption-text\">Es war einmal<\/figcaption><\/figure>\n<p>Nach dem Fris\u00f6r (3,50 Euro) wird es Zeit f\u00fcrs Baden im Schwarzen Meer.<\/p>\n<figure id=\"attachment_883\" aria-describedby=\"caption-attachment-883\" style=\"width: 300px\" class=\"wp-caption alignright\"><a href=\"https:\/\/donaurun.de\/wp-content\/uploads\/DSC_0390.jpg\"><img loading=\"lazy\" class=\"size-medium wp-image-883\" src=\"https:\/\/donaurun.de\/wp-content\/uploads\/DSC_0390-300x225.jpg\" alt=\"Beim &quot;Fritze&quot;\" width=\"300\" height=\"225\" srcset=\"https:\/\/donaurun.de\/wp-content\/uploads\/DSC_0390-300x225.jpg 300w, https:\/\/donaurun.de\/wp-content\/uploads\/DSC_0390-1024x768.jpg 1024w\" sizes=\"(max-width: 300px) 100vw, 300px\" \/><\/a><figcaption id=\"caption-attachment-883\" class=\"wp-caption-text\">Beim &#8222;Fritze&#8220;<\/figcaption><\/figure>\n<p>Der Plaja ist ca. 2 Km entfernt und ich gehe eine Parallelstra\u00dfe zur &#8222;Flaniermeile&#8220;. Die Stadt wirkt aufgegeben und verlassen, alt und marode. Sulina hat die Bl\u00fctezeit hinter sich, als hier noch ein riesiger Umschlagplatz zwischen Ost und West war.<a href=\"https:\/\/donaurun.de\/wp-content\/uploads\/DSC_0380.jpg\"><img loading=\"lazy\" class=\"alignright size-medium wp-image-885\" src=\"https:\/\/donaurun.de\/wp-content\/uploads\/DSC_0380-300x225.jpg\" alt=\"DSC_0380\" width=\"300\" height=\"225\" srcset=\"https:\/\/donaurun.de\/wp-content\/uploads\/DSC_0380-300x225.jpg 300w, https:\/\/donaurun.de\/wp-content\/uploads\/DSC_0380-1024x768.jpg 1024w\" sizes=\"(max-width: 300px) 100vw, 300px\" \/><\/a><\/p>\n<p>Und jetzt bin ich an meinem allerletzten Etappenziel angelangt, dem Schwarzen Meer. \u00a0Wie bereits erw\u00e4hnt, \u00a0dass Meer ist nicht schwarz. Beim Baden habe ich den Eindruck, dass es \u00fcberhaupt nicht salzig schmeckt und es ist wohl temperiert. In anderen L\u00e4ndern w\u00fcrden hier schon zig Hotels, Bars, Rutschen und was wei\u00df ich stehen. Hier gibt&#8217;s eine Strandbar, ein Restaurant und der Rest ist unverbaut (unber\u00fchrt kann ich nicht schreiben &#8211; wegen dem M\u00fcll).<\/p>\n<figure id=\"attachment_886\" aria-describedby=\"caption-attachment-886\" style=\"width: 300px\" class=\"wp-caption alignright\"><a href=\"https:\/\/donaurun.de\/wp-content\/uploads\/DSC_0419.jpg\"><img loading=\"lazy\" class=\"wp-image-886 size-medium\" src=\"https:\/\/donaurun.de\/wp-content\/uploads\/DSC_0419-300x225.jpg\" alt=\"DSC_0419\" width=\"300\" height=\"225\" srcset=\"https:\/\/donaurun.de\/wp-content\/uploads\/DSC_0419-300x225.jpg 300w, https:\/\/donaurun.de\/wp-content\/uploads\/DSC_0419-1024x768.jpg 1024w\" sizes=\"(max-width: 300px) 100vw, 300px\" \/><\/a><figcaption id=\"caption-attachment-886\" class=\"wp-caption-text\">Ein tolles Gef\u00fchl<\/figcaption><\/figure>\n<p>&nbsp;<\/p>\n<p>&nbsp;<\/p>\n<p>&nbsp;<\/p>\n<p>&nbsp;<\/p>\n<p>&nbsp;<\/p>\n<p>&nbsp;<\/p>\n<p><strong><em>Das war&#8217;s dann wohl. W\u00e4hrend der vielen Stunden auf der Piste ist mir so einiges durch den Kopf gegangen, sinniges und unsinniges. Lustiges und trauriges. <\/em><\/strong><\/p>\n<p><strong><em>Ich habe auch lange \u00fcberlegt, was soll ich meinen vier Lieben daheim mitbringen. Ein Anh\u00e4nger aus Sulina wird nicht gerade Begeisterungsst\u00fcrme hervorrufen. Und irgendwann kam ich auf die Idee:<\/em><\/strong><\/p>\n<h6>Etwas was alle daheim wollen und ich immer dagegen war. Der Martin kann im Leben auch einmal seine Meinung \u00e4ndern, und das sogar offiziell. So gibt es kein zur\u00fcck mehr:<\/h6>\n<p>&nbsp;<\/p>\n<p>&nbsp;<\/p>\n<h1>Es ist \/ wird ein<\/h1>\n<h1>\u00a0 \u00a0 \u00a0 \u00a0 \u00a0 \u00a0 \u00a0 \u00a0 H \u00a0U \u00a0N \u00a0D \u00a0I<\/h1>\n<figure id=\"attachment_888\" aria-describedby=\"caption-attachment-888\" style=\"width: 259px\" class=\"wp-caption alignright\"><a href=\"https:\/\/donaurun.de\/wp-content\/uploads\/IMG-20150726-WA0000.jpg\"><img loading=\"lazy\" class=\"size-medium wp-image-888\" src=\"https:\/\/donaurun.de\/wp-content\/uploads\/IMG-20150726-WA0000-259x300.jpg\" alt=\"Vielleicht so einer?\" width=\"259\" height=\"300\" srcset=\"https:\/\/donaurun.de\/wp-content\/uploads\/IMG-20150726-WA0000-259x300.jpg 259w, https:\/\/donaurun.de\/wp-content\/uploads\/IMG-20150726-WA0000.jpg 720w\" sizes=\"(max-width: 259px) 100vw, 259px\" \/><\/a><figcaption id=\"caption-attachment-888\" class=\"wp-caption-text\">Vielleicht so einer?<\/figcaption><\/figure>\n<p>&nbsp;<\/p>\n<h3>So hat die Geschichte sein Ende gefunden.<\/h3>\n<h3>Und f\u00fcr mich war es eine sch\u00f6ne Geschichte, die mir ewig in Erinnerung bleiben wird (ich glaube, ich muss noch nach einem Verlag Ausschau halten &#8211; das w\u00e4re noch die Kr\u00f6nung, wobei mir nicht einmal ein Titel einfallen w\u00fcrde).<\/h3>\n<h3>Zum Schlu\u00df m\u00f6chte ich mich bei allen Lesern f\u00fcr die aufmunternden Kommentare bedanken. Ich bin nicht der Mensch, der beim Redenhalten ganz vorne steht und einen Satz nach dem anderen top artikuliert ins Mikrofon spricht oder ins Handy hackt. Und es war sehr, sehr motivierend f\u00fcr mich zu h\u00f6ren, dass viele sich schon auf den n\u00e4chsten Bericht freuen &#8211; danke, vielen Dank.<\/h3>\n<h1>Der gr\u00f6\u00dfte Dank aber geht an meine Frau Conny und meine Kinder Leonie, Mick und Sina. Es ist nicht selbstverst\u00e4ndlich, seine Familie einfach einmal so 50 Tage daheim sitzen zu lassen &#8211; danke, dass ich meinen Traum leben durfte!!<\/h1>\n<figure id=\"attachment_887\" aria-describedby=\"caption-attachment-887\" style=\"width: 300px\" class=\"wp-caption alignright\"><a href=\"https:\/\/donaurun.de\/wp-content\/uploads\/DSC_0426.jpg\"><img loading=\"lazy\" class=\"size-medium wp-image-887\" src=\"https:\/\/donaurun.de\/wp-content\/uploads\/DSC_0426-300x225.jpg\" alt=\"The End\" width=\"300\" height=\"225\" srcset=\"https:\/\/donaurun.de\/wp-content\/uploads\/DSC_0426-300x225.jpg 300w, https:\/\/donaurun.de\/wp-content\/uploads\/DSC_0426-1024x768.jpg 1024w\" sizes=\"(max-width: 300px) 100vw, 300px\" \/><\/a><figcaption id=\"caption-attachment-887\" class=\"wp-caption-text\">The End<\/figcaption><\/figure>\n<p>&nbsp;<\/p>\n<p>Euer<\/p>\n<p>M A R T I N<\/p>\n<p>&nbsp;<\/p>\n<p>PS: Morgen gibts vielleicht noch ein paar Bilder, wenn ihr brav seid.<\/p>\n<p>&nbsp;<\/p>\n","protected":false},"excerpt":{"rendered":"<p>Hallo miteinander, ich bin es nochmal. Das w\u00e4re mir alles zu abrupt gewesen und ich will euch gerne noch etwas von gestern und heute erz\u00e4hlen: Vorneweg ein Dankesch\u00f6n an meine lieben Kollegen\/innen der Kriminalpolizeidirektion Friedrichshafen, Kriminalinapekton 7 f\u00fcr die Unterst\u00fctzung Tag 46, 47 und 48. Die Tage 49 und 50 wurden von Claudi und Franky &hellip; <a href=\"https:\/\/donaurun.de\/?p=871\" class=\"more-link\"><span class=\"screen-reader-text\">Tag 47: Urlaub in Sulina (0 km)<\/span> weiterlesen <span class=\"meta-nav\">&rarr;<\/span><\/a><\/p>\n","protected":false},"author":2,"featured_media":889,"comment_status":"open","ping_status":"open","sticky":false,"template":"","format":"standard","meta":[],"categories":[1],"tags":[],"_links":{"self":[{"href":"https:\/\/donaurun.de\/index.php?rest_route=\/wp\/v2\/posts\/871"}],"collection":[{"href":"https:\/\/donaurun.de\/index.php?rest_route=\/wp\/v2\/posts"}],"about":[{"href":"https:\/\/donaurun.de\/index.php?rest_route=\/wp\/v2\/types\/post"}],"author":[{"embeddable":true,"href":"https:\/\/donaurun.de\/index.php?rest_route=\/wp\/v2\/users\/2"}],"replies":[{"embeddable":true,"href":"https:\/\/donaurun.de\/index.php?rest_route=%2Fwp%2Fv2%2Fcomments&post=871"}],"version-history":[{"count":3,"href":"https:\/\/donaurun.de\/index.php?rest_route=\/wp\/v2\/posts\/871\/revisions"}],"predecessor-version":[{"id":892,"href":"https:\/\/donaurun.de\/index.php?rest_route=\/wp\/v2\/posts\/871\/revisions\/892"}],"wp:featuredmedia":[{"embeddable":true,"href":"https:\/\/donaurun.de\/index.php?rest_route=\/wp\/v2\/media\/889"}],"wp:attachment":[{"href":"https:\/\/donaurun.de\/index.php?rest_route=%2Fwp%2Fv2%2Fmedia&parent=871"}],"wp:term":[{"taxonomy":"category","embeddable":true,"href":"https:\/\/donaurun.de\/index.php?rest_route=%2Fwp%2Fv2%2Fcategories&post=871"},{"taxonomy":"post_tag","embeddable":true,"href":"https:\/\/donaurun.de\/index.php?rest_route=%2Fwp%2Fv2%2Ftags&post=871"}],"curies":[{"name":"wp","href":"https:\/\/api.w.org\/{rel}","templated":true}]}}